{"id":8550,"date":"2012-08-29T20:03:59","date_gmt":"2012-08-29T18:03:59","guid":{"rendered":"http:\/\/www.marcmolk.fr\/neo\/?p=8550&#038;lang=fr"},"modified":"2016-03-15T21:00:11","modified_gmt":"2016-03-15T20:00:11","slug":"le-ciel-bleu-sur-nous-peut-seffondrer-galerie-da-end","status":"publish","type":"post","link":"https:\/\/www.marcmolk.fr\/fr\/2012\/08\/29\/le-ciel-bleu-sur-nous-peut-seffondrer-galerie-da-end\/","title":{"rendered":"Le ciel bleu sur nous peut s&rsquo;effondrer, galerie Da-end"},"content":{"rendered":"<p>[vc_row][vc_column][vc_column_text]Exposition personnelle<\/p>\n<p>Exposition \/ 27 septembre &gt; 3 novembre 2012<br \/>\nVernissage \/ jeudi 27 septembre 2012 \/ 18h &gt; 21h<\/p>\n<p>Galerie Da-End \/ 17, rue Gu\u00e9n\u00e9gaud, 75006 Paris \/ <a href=\"http:\/\/www.da-end.com\/marcmolk-lecielbleu\/\" target=\"_blank\">www.da-end.com<\/a><br \/>\nOuverture \/ mardi &gt; samedi \/ 14h &gt; 19h<br \/>\nPlan d&rsquo;acc\u00e8s \/ http:\/\/goo.gl\/maps\/TeUJe<\/p>\n<p style=\"text-align: justify;\"><em>Avec le concours du <a href=\"http:\/\/www.cnap.fr\/\" target=\"_blank\"><img loading=\"lazy\" class=\"alignnone size-full wp-image-7174\" title=\"logo-cnap-mini-trans\" src=\"http:\/\/www.marcmolk.fr\/in\/wp-content\/uploads\/2012\/08\/logo-cnap-mini-trans.gif\" alt=\"\" width=\"27\" height=\"20\" \/>Centre national des arts plastiques<\/a> (soutien pour le d\u00e9veloppement d&rsquo;une recherche artistique) &#8211; Minist\u00e8re de la Culture et de la Communication<\/em><\/p>\n<p style=\"text-align: justify;\">La divination est une ambition noble, une nostalgie sans limite. La puissance des pr\u00e9dictions, bonnes ou mauvaises, est identique \u00e0 celle des souvenirs, fan\u00e9s ou chatoyants. Et les voyantes promettent, plusieurs fois par jour, \u00e0 tout un chacun, un ciel bleu. Mais nous savons tous que \u00ab\u00a0le ciel bleu sur nous peut s\u2019effondrer\u00a0\u00bb.\u00a0C\u2019est cette esth\u00e9tique des pr\u00e9sages qui impr\u00e8gne la premi\u00e8re exposition personnelle de Marc Molk \u00e0 Paris.\u00a0L\u2019artiste aux vies multiples pratique ici le genre d\u00e9laiss\u00e9 de l\u2019all\u00e9gorie dans un registre spirite, o\u00f9 le vague \u00e0 l\u2019\u00e2me a mis des habits dor\u00e9s, des habits de bal. Sa technique, mixte, explore divers \u00e9tats de la mati\u00e8re picturale, passant de grands jus nuanc\u00e9s \u00e0 des rehauts gras. Souvent, il joue d\u2019une certaine na\u00efvet\u00e9 pour aborder des sujets d&rsquo;un sentimentalisme d\u00e9sabus\u00e9.<\/p>\n<p>\u00e9v\u00e9nement facebook \/ <a href=\"https:\/\/www.facebook.com\/events\/222051004588016\/\" target=\"_blank\">https:\/\/www.facebook.com\/events\/222051004588016\/<\/a>[\/vc_column_text][\/vc_column][\/vc_row][vc_row][vc_column][vc_single_image image=\u00a0\u00bb9522&Prime; alignment=\u00a0\u00bbcenter\u00a0\u00bb][vc_column_text]<\/p>\n<h6><span style=\"color: #999999;\"><em>Vue d&rsquo;exposition<\/em><\/span><\/h6>\n<p>[\/vc_column_text][\/vc_column][\/vc_row]<\/p>\n","protected":false},"excerpt":{"rendered":"<p>[vc_row][vc_column][vc_column_text]Exposition personnelle Exposition \/ 27 septembre &gt; 3 novembre 2012 Vernissage \/ jeudi 27 septembre 2012 \/ 18h &gt; 21h Galerie Da-End \/ 17, rue Gu\u00e9n\u00e9gaud, 75006 Paris \/ www.da-end.com Ouverture \/ mardi &gt; samedi \/ 14h &gt; 19h Plan d&rsquo;acc\u00e8s \/ http:\/\/goo.gl\/maps\/TeUJe Avec le concours du Centre national des arts plastiques (soutien pour le [&hellip;]<\/p>\n","protected":false},"author":1,"featured_media":10265,"comment_status":"closed","ping_status":"closed","sticky":false,"template":"","format":"standard","meta":[],"categories":[70,61],"tags":[],"_links":{"self":[{"href":"https:\/\/www.marcmolk.fr\/fr\/wp-json\/wp\/v2\/posts\/8550"}],"collection":[{"href":"https:\/\/www.marcmolk.fr\/fr\/wp-json\/wp\/v2\/posts"}],"about":[{"href":"https:\/\/www.marcmolk.fr\/fr\/wp-json\/wp\/v2\/types\/post"}],"author":[{"embeddable":true,"href":"https:\/\/www.marcmolk.fr\/fr\/wp-json\/wp\/v2\/users\/1"}],"replies":[{"embeddable":true,"href":"https:\/\/www.marcmolk.fr\/fr\/wp-json\/wp\/v2\/comments?post=8550"}],"version-history":[{"count":10,"href":"https:\/\/www.marcmolk.fr\/fr\/wp-json\/wp\/v2\/posts\/8550\/revisions"}],"predecessor-version":[{"id":11609,"href":"https:\/\/www.marcmolk.fr\/fr\/wp-json\/wp\/v2\/posts\/8550\/revisions\/11609"}],"wp:featuredmedia":[{"embeddable":true,"href":"https:\/\/www.marcmolk.fr\/fr\/wp-json\/wp\/v2\/media\/10265"}],"wp:attachment":[{"href":"https:\/\/www.marcmolk.fr\/fr\/wp-json\/wp\/v2\/media?parent=8550"}],"wp:term":[{"taxonomy":"category","embeddable":true,"href":"https:\/\/www.marcmolk.fr\/fr\/wp-json\/wp\/v2\/categories?post=8550"},{"taxonomy":"post_tag","embeddable":true,"href":"https:\/\/www.marcmolk.fr\/fr\/wp-json\/wp\/v2\/tags?post=8550"}],"curies":[{"name":"wp","href":"https:\/\/api.w.org\/{rel}","templated":true}]}}