{"id":13862,"date":"2023-08-03T17:10:27","date_gmt":"2023-08-03T15:10:27","guid":{"rendered":"https:\/\/www.marcmolk.fr\/?p=13862"},"modified":"2023-09-03T17:12:20","modified_gmt":"2023-09-03T15:12:20","slug":"sur-le-front-de-la-couleur-marc-molk-revue-en-attendant-nadeau","status":"publish","type":"post","link":"https:\/\/www.marcmolk.fr\/fr\/2023\/08\/03\/sur-le-front-de-la-couleur-marc-molk-revue-en-attendant-nadeau\/","title":{"rendered":"SUR LE FRONT DE LA COULEUR, Marc Molk \/ Revue En attendant Nadeau"},"content":{"rendered":"<p>[vc_row][vc_column][vc_column_text]J&rsquo;ai \u00e9crit un article dans la revue \u00ab\u00a0En attendant Nadeau\u00a0\u00bb \u00e0 propos de deux livres de philosophie r\u00e9cents sur la couleur :<\/p>\n<p>&#8211; Peter Sloterdijk | Gris. Une th\u00e9orie politique des couleurs. Trad. de l\u2019allemand par Olivier Mannoni. Payot, 236 p., 26 \u20ac<br \/>\n&#8211; Herv\u00e9 Fischer | Mythanalyse de la couleur. Gallimard, 432 p., 35 \u20ac<\/p>\n<p>J&rsquo;y vais \u00e0 la serpette, comme d&rsquo;habitude, alors je crois que c&rsquo;est &#8211; aussi &#8211; amusant \u00e0 lire.<\/p>\n<p><a href=\"https:\/\/www.en-attendant-nadeau.fr\/2023\/08\/12\/sloterdijk-gris\/\" target=\"_blank\" rel=\"noopener\">&gt; LIRE L&rsquo;ARTICLE\u00a0 &gt;<\/a>[\/vc_column_text][vc_separator][vc_single_image image=\u00a0\u00bb13858&Prime;][\/vc_column][\/vc_row]<\/p>\n","protected":false},"excerpt":{"rendered":"<p>[vc_row][vc_column][vc_column_text]J&rsquo;ai \u00e9crit un article dans la revue \u00ab\u00a0En attendant Nadeau\u00a0\u00bb \u00e0 propos de deux livres de philosophie r\u00e9cents sur la couleur : &#8211; Peter Sloterdijk | Gris. Une th\u00e9orie politique des couleurs. Trad. de l\u2019allemand par Olivier Mannoni. Payot, 236 p., 26 \u20ac &#8211; Herv\u00e9 Fischer | Mythanalyse de la couleur. Gallimard, 432 p., 35 [&hellip;]<\/p>\n","protected":false},"author":1,"featured_media":13859,"comment_status":"closed","ping_status":"closed","sticky":false,"template":"","format":"standard","meta":[],"categories":[62],"tags":[],"_links":{"self":[{"href":"https:\/\/www.marcmolk.fr\/fr\/wp-json\/wp\/v2\/posts\/13862"}],"collection":[{"href":"https:\/\/www.marcmolk.fr\/fr\/wp-json\/wp\/v2\/posts"}],"about":[{"href":"https:\/\/www.marcmolk.fr\/fr\/wp-json\/wp\/v2\/types\/post"}],"author":[{"embeddable":true,"href":"https:\/\/www.marcmolk.fr\/fr\/wp-json\/wp\/v2\/users\/1"}],"replies":[{"embeddable":true,"href":"https:\/\/www.marcmolk.fr\/fr\/wp-json\/wp\/v2\/comments?post=13862"}],"version-history":[{"count":3,"href":"https:\/\/www.marcmolk.fr\/fr\/wp-json\/wp\/v2\/posts\/13862\/revisions"}],"predecessor-version":[{"id":13865,"href":"https:\/\/www.marcmolk.fr\/fr\/wp-json\/wp\/v2\/posts\/13862\/revisions\/13865"}],"wp:featuredmedia":[{"embeddable":true,"href":"https:\/\/www.marcmolk.fr\/fr\/wp-json\/wp\/v2\/media\/13859"}],"wp:attachment":[{"href":"https:\/\/www.marcmolk.fr\/fr\/wp-json\/wp\/v2\/media?parent=13862"}],"wp:term":[{"taxonomy":"category","embeddable":true,"href":"https:\/\/www.marcmolk.fr\/fr\/wp-json\/wp\/v2\/categories?post=13862"},{"taxonomy":"post_tag","embeddable":true,"href":"https:\/\/www.marcmolk.fr\/fr\/wp-json\/wp\/v2\/tags?post=13862"}],"curies":[{"name":"wp","href":"https:\/\/api.w.org\/{rel}","templated":true}]}}