{"id":13385,"date":"2021-09-13T13:41:29","date_gmt":"2021-09-13T11:41:29","guid":{"rendered":"http:\/\/www.marcmolk.fr\/?p=13385"},"modified":"2021-11-13T13:55:27","modified_gmt":"2021-11-13T12:55:27","slug":"art-paris","status":"publish","type":"post","link":"https:\/\/www.marcmolk.fr\/fr\/2021\/09\/13\/art-paris\/","title":{"rendered":"ART PARIS"},"content":{"rendered":"<p>[vc_row][vc_column][vc_column_text]<\/p>\n<div class=\"kvgmc6g5 cxmmr5t8 oygrvhab hcukyx3x c1et5uql ii04i59q\">\n<div dir=\"auto\"><strong>ART PARIS <\/strong><\/div>\n<div dir=\"auto\">Grand Palais \u00e9ph\u00e9m\u00e8re<\/div>\n<div dir=\"auto\"><\/div>\n<div dir=\"auto\">09 &gt; 12 septembre 2021<\/div>\n<div dir=\"auto\"><\/div>\n<div dir=\"auto\">Galerie Marguerite Milin \/ Stand I02<\/div>\n<\/div>\n<p>[\/vc_column_text][vc_separator][vc_single_image image=\u00a0\u00bb13369&Prime;][\/vc_column][\/vc_row][vc_row][vc_column][vc_column_text]<\/p>\n<div class=\"krown-thumbnail-gallery clearfix\"><a class=\"fancybox fancybox-thumb first\" data-fancybox-group=\"gallery-1\" data-fancybox-title=\"Stand I02 \/ Galerie Marguerite Milin \/ ART PARIS\" href=\"https:\/\/www.marcmolk.fr\/neo\/wp-content\/uploads\/2021\/11\/good-241825599_10159853020494236_7886389782844253760_n.jpg\" style=\"width:33.333333333333%\"><img src=\"https:\/\/www.marcmolk.fr\/neo\/wp-content\/uploads\/2021\/11\/good-241825599_10159853020494236_7886389782844253760_n-432x432.jpg\" alt=\"Stand I02 \/ Galerie Marguerite Milin \/ ART PARIS\" \/><\/a><a class=\"fancybox fancybox-thumb\" data-fancybox-group=\"gallery-1\" data-fancybox-title=\"Avec le Temps, Marc Molk, 2021, huile et acrylique sur toile, diam\u00e8tre 130 cm\" href=\"https:\/\/www.marcmolk.fr\/neo\/wp-content\/uploads\/2021\/11\/241632097_10159847877374236_616818310924396787_n.jpg\" style=\"width:33.333333333333%\"><img src=\"https:\/\/www.marcmolk.fr\/neo\/wp-content\/uploads\/2021\/11\/241632097_10159847877374236_616818310924396787_n-432x432.jpg\" alt=\"Avec le Temps, Marc Molk, 2021, huile et acrylique sur toile, diam\u00e8tre 130 cm\" \/><\/a><a class=\"fancybox fancybox-thumb last\" data-fancybox-group=\"gallery-1\" data-fancybox-title=\"La Nature humaine (d\u00e9tail), Marc Molk, 2021, calligramme, encre de Chine et acrylique sur papier, 84,5 x 129,5 cm\" href=\"https:\/\/www.marcmolk.fr\/neo\/wp-content\/uploads\/2021\/11\/241275833_248573893938921_2441328339623161448_n.jpg\" style=\"width:33.333333333333%\"><img src=\"https:\/\/www.marcmolk.fr\/neo\/wp-content\/uploads\/2021\/11\/241275833_248573893938921_2441328339623161448_n-432x432.jpg\" alt=\"La Nature humaine (d\u00e9tail), Marc Molk, 2021, calligramme, encre de Chine et acrylique sur papier, 84,5 x 129,5 cm\" \/><\/a><a class=\"fancybox fancybox-thumb first\" data-fancybox-group=\"gallery-1\" data-fancybox-title=\"La Nature humaine (d\u00e9tail), Marc Molk, 2021, calligramme, encre de Chine et acrylique sur papier, 84,5 x 129,5 cm\" href=\"https:\/\/www.marcmolk.fr\/neo\/wp-content\/uploads\/2021\/11\/241356144_10159847877369236_4597266599172362966_n.jpg\" style=\"width:33.333333333333%\"><img src=\"https:\/\/www.marcmolk.fr\/neo\/wp-content\/uploads\/2021\/11\/241356144_10159847877369236_4597266599172362966_n-432x432.jpg\" alt=\"La Nature humaine (d\u00e9tail), Marc Molk, 2021, calligramme, encre de Chine et acrylique sur papier, 84,5 x 129,5 cm\" \/><\/a><a class=\"fancybox fancybox-thumb\" data-fancybox-group=\"gallery-1\" data-fancybox-title=\"La Nature humaine (d\u00e9tail), Marc Molk, 2021, calligramme, encre de Chine et acrylique sur papier, 84,5 x 129,5 cm\" href=\"https:\/\/www.marcmolk.fr\/neo\/wp-content\/uploads\/2021\/11\/241641043_10159847877379236_3564341730588097133_n.jpg\" style=\"width:33.333333333333%\"><img src=\"https:\/\/www.marcmolk.fr\/neo\/wp-content\/uploads\/2021\/11\/241641043_10159847877379236_3564341730588097133_n-432x432.jpg\" alt=\"La Nature humaine (d\u00e9tail), Marc Molk, 2021, calligramme, encre de Chine et acrylique sur papier, 84,5 x 129,5 cm\" \/><\/a><a class=\"fancybox fancybox-thumb last\" data-fancybox-group=\"gallery-1\" data-fancybox-title=\"La Nature humaine (d\u00e9tail), Marc Molk, 2021, calligramme, encre de Chine et acrylique sur papier, 84,5 x 129,5 cm\" href=\"https:\/\/www.marcmolk.fr\/neo\/wp-content\/uploads\/2021\/11\/241679327_10159847877344236_6146345396842974518_n.jpg\" style=\"width:33.333333333333%\"><img src=\"https:\/\/www.marcmolk.fr\/neo\/wp-content\/uploads\/2021\/11\/241679327_10159847877344236_6146345396842974518_n-432x432.jpg\" alt=\"La Nature humaine (d\u00e9tail), Marc Molk, 2021, calligramme, encre de Chine et acrylique sur papier, 84,5 x 129,5 cm\" \/><\/a><\/div>\n<p>[\/vc_column_text][\/vc_column][\/vc_row]<\/p>\n","protected":false},"excerpt":{"rendered":"<p>[vc_row][vc_column][vc_column_text] ART PARIS Grand Palais \u00e9ph\u00e9m\u00e8re 09 &gt; 12 septembre 2021 Galerie Marguerite Milin \/ Stand I02 [\/vc_column_text][vc_separator][vc_single_image image=\u00a0\u00bb13369&Prime;][\/vc_column][\/vc_row][vc_row][vc_column][vc_column_text] [\/vc_column_text][\/vc_column][\/vc_row]<\/p>\n","protected":false},"author":1,"featured_media":13367,"comment_status":"closed","ping_status":"closed","sticky":false,"template":"","format":"standard","meta":[],"categories":[115,61],"tags":[],"_links":{"self":[{"href":"https:\/\/www.marcmolk.fr\/fr\/wp-json\/wp\/v2\/posts\/13385"}],"collection":[{"href":"https:\/\/www.marcmolk.fr\/fr\/wp-json\/wp\/v2\/posts"}],"about":[{"href":"https:\/\/www.marcmolk.fr\/fr\/wp-json\/wp\/v2\/types\/post"}],"author":[{"embeddable":true,"href":"https:\/\/www.marcmolk.fr\/fr\/wp-json\/wp\/v2\/users\/1"}],"replies":[{"embeddable":true,"href":"https:\/\/www.marcmolk.fr\/fr\/wp-json\/wp\/v2\/comments?post=13385"}],"version-history":[{"count":5,"href":"https:\/\/www.marcmolk.fr\/fr\/wp-json\/wp\/v2\/posts\/13385\/revisions"}],"predecessor-version":[{"id":13390,"href":"https:\/\/www.marcmolk.fr\/fr\/wp-json\/wp\/v2\/posts\/13385\/revisions\/13390"}],"wp:featuredmedia":[{"embeddable":true,"href":"https:\/\/www.marcmolk.fr\/fr\/wp-json\/wp\/v2\/media\/13367"}],"wp:attachment":[{"href":"https:\/\/www.marcmolk.fr\/fr\/wp-json\/wp\/v2\/media?parent=13385"}],"wp:term":[{"taxonomy":"category","embeddable":true,"href":"https:\/\/www.marcmolk.fr\/fr\/wp-json\/wp\/v2\/categories?post=13385"},{"taxonomy":"post_tag","embeddable":true,"href":"https:\/\/www.marcmolk.fr\/fr\/wp-json\/wp\/v2\/tags?post=13385"}],"curies":[{"name":"wp","href":"https:\/\/api.w.org\/{rel}","templated":true}]}}