{"id":12846,"date":"2019-05-18T16:20:18","date_gmt":"2019-05-18T14:20:18","guid":{"rendered":"http:\/\/www.marcmolk.fr\/?p=12846"},"modified":"2021-02-25T20:15:37","modified_gmt":"2021-02-25T19:15:37","slug":"au-fil-des-toiles-musee-des-beaux-arts-de-limoges-france","status":"publish","type":"post","link":"https:\/\/www.marcmolk.fr\/fr\/2019\/05\/18\/au-fil-des-toiles-musee-des-beaux-arts-de-limoges-france\/","title":{"rendered":"Au fil des toiles, Mus\u00e9e des Beaux-Arts de Limoges, France"},"content":{"rendered":"<p>[vc_row][vc_column][vc_column_text]<strong>AU FIL DES TOILES<\/strong><\/p>\n<p>18 mai &gt; 26 aou\u0302t 2019<\/p>\n<p>Commissaires : Anne Lie\u0301nard (conservatrice et directrice du muse\u0301e des Beaux-Arts de Limoges) et Maribel Nadal Jove\u0301 (curatrice)<\/p>\n<p>Exposition collective<\/p>\n<p>Avec<\/p>\n<p>Ronda Bautista<br \/>\nCharlotte Beaudry<br \/>\nPierre-Charles Jacquemin<br \/>\nLucile Kessil<br \/>\nRomain Larbre<br \/>\nFran\u00e7ois Mendras<br \/>\nFederico Miro\u0301<br \/>\nIda Tursic &amp; Wilfried Mille<br \/>\nMarc Molk<\/p>\n<p>Muse\u0301e des Beaux-Arts de Limoges<br \/>\n1 Place de l&rsquo;\u00c9v\u00each\u00e9<br \/>\n87000 Limoges[\/vc_column_text][\/vc_column][\/vc_row][vc_row][vc_column][vc_single_image image=\u00a0\u00bb12847&Prime;][vc_single_image image=\u00a0\u00bb12849&Prime;][vc_single_image image=\u00a0\u00bb12851&Prime;][\/vc_column][\/vc_row]<\/p>\n","protected":false},"excerpt":{"rendered":"<p>[vc_row][vc_column][vc_column_text]AU FIL DES TOILES 18 mai &gt; 26 aou\u0302t 2019 Commissaires : Anne Lie\u0301nard (conservatrice et directrice du muse\u0301e des Beaux-Arts de Limoges) et Maribel Nadal Jove\u0301 (curatrice) Exposition collective Avec Ronda Bautista Charlotte Beaudry Pierre-Charles Jacquemin Lucile Kessil Romain Larbre Fran\u00e7ois Mendras Federico Miro\u0301 Ida Tursic &amp; Wilfried Mille Marc Molk Muse\u0301e des Beaux-Arts [&hellip;]<\/p>\n","protected":false},"author":1,"featured_media":12847,"comment_status":"closed","ping_status":"open","sticky":false,"template":"","format":"standard","meta":[],"categories":[70,61],"tags":[],"_links":{"self":[{"href":"https:\/\/www.marcmolk.fr\/fr\/wp-json\/wp\/v2\/posts\/12846"}],"collection":[{"href":"https:\/\/www.marcmolk.fr\/fr\/wp-json\/wp\/v2\/posts"}],"about":[{"href":"https:\/\/www.marcmolk.fr\/fr\/wp-json\/wp\/v2\/types\/post"}],"author":[{"embeddable":true,"href":"https:\/\/www.marcmolk.fr\/fr\/wp-json\/wp\/v2\/users\/1"}],"replies":[{"embeddable":true,"href":"https:\/\/www.marcmolk.fr\/fr\/wp-json\/wp\/v2\/comments?post=12846"}],"version-history":[{"count":5,"href":"https:\/\/www.marcmolk.fr\/fr\/wp-json\/wp\/v2\/posts\/12846\/revisions"}],"predecessor-version":[{"id":13084,"href":"https:\/\/www.marcmolk.fr\/fr\/wp-json\/wp\/v2\/posts\/12846\/revisions\/13084"}],"wp:featuredmedia":[{"embeddable":true,"href":"https:\/\/www.marcmolk.fr\/fr\/wp-json\/wp\/v2\/media\/12847"}],"wp:attachment":[{"href":"https:\/\/www.marcmolk.fr\/fr\/wp-json\/wp\/v2\/media?parent=12846"}],"wp:term":[{"taxonomy":"category","embeddable":true,"href":"https:\/\/www.marcmolk.fr\/fr\/wp-json\/wp\/v2\/categories?post=12846"},{"taxonomy":"post_tag","embeddable":true,"href":"https:\/\/www.marcmolk.fr\/fr\/wp-json\/wp\/v2\/tags?post=12846"}],"curies":[{"name":"wp","href":"https:\/\/api.w.org\/{rel}","templated":true}]}}