{"id":12681,"date":"2018-05-19T09:56:08","date_gmt":"2018-05-19T07:56:08","guid":{"rendered":"http:\/\/www.marcmolk.fr\/?p=12681"},"modified":"2018-05-19T09:58:42","modified_gmt":"2018-05-19T07:58:42","slug":"mauvais-genres-france-culture","status":"publish","type":"post","link":"https:\/\/www.marcmolk.fr\/fr\/2018\/05\/19\/mauvais-genres-france-culture\/","title":{"rendered":"Mauvais genres, France Culture"},"content":{"rendered":"<p>[vc_row][vc_column][vc_column_text]J&rsquo;ai \u00e9t\u00e9 invit\u00e9 dans \u00ab\u00a0l&rsquo;Encyclop\u00e9die pratique des mauvais genres\u00a0\u00bb, la chronique de C\u00e9line du Ch\u00e9n\u00e9 dans l&rsquo;\u00e9mission \u00ab\u00a0Mauvais Genres\u00a0\u00bb, sur France Culture, \u00e0 parler de mes calligrammes \u00e0 l&rsquo;occasion de la publication de l&rsquo;anthologie <a href=\"https:\/\/www.marcmolk.fr\/fr\/portfolio\/masques-corps-langues-editions-classiques-garnier-octobre-2017\/\">Masques, Corps, Langues \/ Les figures dans la po\u00e9sie \u00e9rotique contemporaine<\/a>, aux \u00e9ditions Classiques Garnier, qui en reproduit plusieurs.<\/p>\n<p>L&rsquo;\u00e9mission peut \u00eatre \u00e9cout\u00e9e ici (3m15s &gt; 10m40s) :[\/vc_column_text]<div class=\"krown-text-icon style-one\"><a class=\"icon-wrap\" href=\" https:\/\/www.franceculture.fr\/emissions\/mauvais-genres\/les-dits-dhildegarde-rencontre-avec-leo-henry\" target=\"_blank\"><i class=\"fa fa-fw fa-microphone fa-regular\" style=\"color:#dd3333\"><\/i><h5>Mauvais Genres, France Culture<\/h5><\/a><\/div>[\/vc_column][\/vc_row][vc_row][vc_column][vc_single_image image=\u00a0\u00bb12672&Prime; img_link_target=\u00a0\u00bb_blank\u00a0\u00bb img_size=\u00a0\u00bblarge \u00ab\u00a0][vc_separator][vc_single_image image=\u00a0\u00bb12668&Prime; img_link_target=\u00a0\u00bb_blank\u00a0\u00bb img_size=\u00a0\u00bblarge \u00ab\u00a0][\/vc_column][\/vc_row]<\/p>\n","protected":false},"excerpt":{"rendered":"<p>[vc_row][vc_column][vc_column_text]J&rsquo;ai \u00e9t\u00e9 invit\u00e9 dans \u00ab\u00a0l&rsquo;Encyclop\u00e9die pratique des mauvais genres\u00a0\u00bb, la chronique de C\u00e9line du Ch\u00e9n\u00e9 dans l&rsquo;\u00e9mission \u00ab\u00a0Mauvais Genres\u00a0\u00bb, sur France Culture, \u00e0 parler de mes calligrammes \u00e0 l&rsquo;occasion de la publication de l&rsquo;anthologie Masques, Corps, Langues \/ Les figures dans la po\u00e9sie \u00e9rotique contemporaine, aux \u00e9ditions Classiques Garnier, qui en reproduit plusieurs. L&rsquo;\u00e9mission peut [&hellip;]<\/p>\n","protected":false},"author":1,"featured_media":12676,"comment_status":"closed","ping_status":"open","sticky":false,"template":"","format":"standard","meta":[],"categories":[86,87],"tags":[],"_links":{"self":[{"href":"https:\/\/www.marcmolk.fr\/fr\/wp-json\/wp\/v2\/posts\/12681"}],"collection":[{"href":"https:\/\/www.marcmolk.fr\/fr\/wp-json\/wp\/v2\/posts"}],"about":[{"href":"https:\/\/www.marcmolk.fr\/fr\/wp-json\/wp\/v2\/types\/post"}],"author":[{"embeddable":true,"href":"https:\/\/www.marcmolk.fr\/fr\/wp-json\/wp\/v2\/users\/1"}],"replies":[{"embeddable":true,"href":"https:\/\/www.marcmolk.fr\/fr\/wp-json\/wp\/v2\/comments?post=12681"}],"version-history":[{"count":3,"href":"https:\/\/www.marcmolk.fr\/fr\/wp-json\/wp\/v2\/posts\/12681\/revisions"}],"predecessor-version":[{"id":12685,"href":"https:\/\/www.marcmolk.fr\/fr\/wp-json\/wp\/v2\/posts\/12681\/revisions\/12685"}],"wp:featuredmedia":[{"embeddable":true,"href":"https:\/\/www.marcmolk.fr\/fr\/wp-json\/wp\/v2\/media\/12676"}],"wp:attachment":[{"href":"https:\/\/www.marcmolk.fr\/fr\/wp-json\/wp\/v2\/media?parent=12681"}],"wp:term":[{"taxonomy":"category","embeddable":true,"href":"https:\/\/www.marcmolk.fr\/fr\/wp-json\/wp\/v2\/categories?post=12681"},{"taxonomy":"post_tag","embeddable":true,"href":"https:\/\/www.marcmolk.fr\/fr\/wp-json\/wp\/v2\/tags?post=12681"}],"curies":[{"name":"wp","href":"https:\/\/api.w.org\/{rel}","templated":true}]}}