{"id":12376,"date":"2017-09-07T15:44:26","date_gmt":"2017-09-07T13:44:26","guid":{"rendered":"http:\/\/www.marcmolk.fr\/2017\/09\/07\/remugle-magazine\/"},"modified":"2017-09-07T15:57:03","modified_gmt":"2017-09-07T13:57:03","slug":"revue-remugle","status":"publish","type":"post","link":"https:\/\/www.marcmolk.fr\/fr\/2017\/09\/07\/revue-remugle\/","title":{"rendered":"Revue REMUGLE"},"content":{"rendered":"<p>[vc_row][vc_column][vc_column_text]Deux de mes calligrammes sont reproduits dans le num\u00e9ro #1 de la revue REMUGLE.<\/p>\n<p>REMUGLE N\u00b01 &#8211; LA PEAU<br \/>\n\u20ac12.00 \/ Fanzine en fran\u00e7ais de 120 pages couleurs en format A5 (in French)<\/p>\n<div class=\"text_exposed_show\">\n<p>Avec Thelma Van Rensburg, Jean-Pierre Verheggen, Luizo Vega, Claire Sinturel, Christophe Si\u00e9bert, Yoann Sarrat, Olivier Poinsignon, Charles Pennequin, Thierry Ollivier, Gyula Noesis, Marc Molk, Kamil Guenatri, Johan Grzelcyk, Flesh, Maria Faustino, Laurent Demoulin, Caroline Cr\u00e9piat, Matthieu Courtoy, Laurent Cl\u00e9ment, David Cata, Luna Beretta, Eliza Bennett, Daniel Aranjo, Alphonse Allais, Fr\u00e9d\u00e9ric Acquaviva.<\/p>\n<\/div>\n<p>[\/vc_column_text][\/vc_column][\/vc_row][vc_row][vc_column][vc_column_text]<\/p>\n<div class=\"krown-thumbnail-gallery clearfix\"><a class=\"fancybox fancybox-thumb first\" data-fancybox-group=\"gallery-1\" data-fancybox-title=\"Revue REMUGLE\" href=\"https:\/\/www.marcmolk.fr\/neo\/wp-content\/uploads\/2017\/09\/revueremugle-couverture.jpg\" style=\"width:33.333333333333%\"><img src=\"https:\/\/www.marcmolk.fr\/neo\/wp-content\/uploads\/2017\/09\/revueremugle-couverture-432x432.jpg\" alt=\"Revue REMUGLE\" \/><\/a><a class=\"fancybox fancybox-thumb\" data-fancybox-group=\"gallery-1\" data-fancybox-title=\"Revue REMUGLE \/ Calligramme \/ Marc Molk\" href=\"https:\/\/www.marcmolk.fr\/neo\/wp-content\/uploads\/2017\/09\/revueremugle-page1.jpg\" style=\"width:33.333333333333%\"><img src=\"https:\/\/www.marcmolk.fr\/neo\/wp-content\/uploads\/2017\/09\/revueremugle-page1-432x432.jpg\" alt=\"Revue REMUGLE \/ Calligramme \/ Marc Molk\" \/><\/a><a class=\"fancybox fancybox-thumb last\" data-fancybox-group=\"gallery-1\" data-fancybox-title=\"Revue REMUGLE \/ Calligramme \/ Marc Molk\" href=\"https:\/\/www.marcmolk.fr\/neo\/wp-content\/uploads\/2017\/09\/revueremugle-page2.jpg\" style=\"width:33.333333333333%\"><img src=\"https:\/\/www.marcmolk.fr\/neo\/wp-content\/uploads\/2017\/09\/revueremugle-page2-432x432.jpg\" alt=\"Revue REMUGLE \/ Calligramme \/ Marc Molk\" \/><\/a><\/div>\n<p>[\/vc_column_text][\/vc_column][\/vc_row]<\/p>\n","protected":false},"excerpt":{"rendered":"<p>[vc_row][vc_column][vc_column_text]Deux de mes calligrammes sont reproduits dans le num\u00e9ro #1 de la revue REMUGLE. REMUGLE N\u00b01 &#8211; LA PEAU \u20ac12.00 \/ Fanzine en fran\u00e7ais de 120 pages couleurs en format A5 (in French) Avec Thelma Van Rensburg, Jean-Pierre Verheggen, Luizo Vega, Claire Sinturel, Christophe Si\u00e9bert, Yoann Sarrat, Olivier Poinsignon, Charles Pennequin, Thierry Ollivier, Gyula Noesis, [&hellip;]<\/p>\n","protected":false},"author":1,"featured_media":12363,"comment_status":"closed","ping_status":"open","sticky":false,"template":"","format":"standard","meta":[],"categories":[86,87],"tags":[],"_links":{"self":[{"href":"https:\/\/www.marcmolk.fr\/fr\/wp-json\/wp\/v2\/posts\/12376"}],"collection":[{"href":"https:\/\/www.marcmolk.fr\/fr\/wp-json\/wp\/v2\/posts"}],"about":[{"href":"https:\/\/www.marcmolk.fr\/fr\/wp-json\/wp\/v2\/types\/post"}],"author":[{"embeddable":true,"href":"https:\/\/www.marcmolk.fr\/fr\/wp-json\/wp\/v2\/users\/1"}],"replies":[{"embeddable":true,"href":"https:\/\/www.marcmolk.fr\/fr\/wp-json\/wp\/v2\/comments?post=12376"}],"version-history":[{"count":8,"href":"https:\/\/www.marcmolk.fr\/fr\/wp-json\/wp\/v2\/posts\/12376\/revisions"}],"predecessor-version":[{"id":12384,"href":"https:\/\/www.marcmolk.fr\/fr\/wp-json\/wp\/v2\/posts\/12376\/revisions\/12384"}],"wp:featuredmedia":[{"embeddable":true,"href":"https:\/\/www.marcmolk.fr\/fr\/wp-json\/wp\/v2\/media\/12363"}],"wp:attachment":[{"href":"https:\/\/www.marcmolk.fr\/fr\/wp-json\/wp\/v2\/media?parent=12376"}],"wp:term":[{"taxonomy":"category","embeddable":true,"href":"https:\/\/www.marcmolk.fr\/fr\/wp-json\/wp\/v2\/categories?post=12376"},{"taxonomy":"post_tag","embeddable":true,"href":"https:\/\/www.marcmolk.fr\/fr\/wp-json\/wp\/v2\/tags?post=12376"}],"curies":[{"name":"wp","href":"https:\/\/api.w.org\/{rel}","templated":true}]}}