{"id":11838,"date":"2016-10-08T18:28:32","date_gmt":"2016-10-08T16:28:32","guid":{"rendered":"http:\/\/www.marcmolk.fr\/fr\/?p=11838"},"modified":"2017-01-16T20:45:26","modified_gmt":"2017-01-16T19:45:26","slug":"linstance-de-la-lettre-galerie-marguerite-milin","status":"publish","type":"post","link":"https:\/\/www.marcmolk.fr\/fr\/2016\/10\/08\/linstance-de-la-lettre-galerie-marguerite-milin\/","title":{"rendered":"L&rsquo;Instance de la lettre, Galerie Marguerite Milin"},"content":{"rendered":"<p>[vc_row][vc_column][vc_column_text]Exposition collective<\/p>\n<p><strong>MARC MOLK<br \/>\n<\/strong><strong>CH\u00c9RI SAMBA<br \/>\nKIMIKO YOSHIDA<\/strong><\/p>\n<p>Exposition du 18 octobre au 3 d\u00e9cembre 2016<br \/>\nVernissage : Lundi 17 octobre 2016, 19h30 &gt; 21h (cocktail d\u00eenatoire)<br \/>\nGalerie Marguerite Milin, 5 rue M\u00e9dicis, 75006 Paris[\/vc_column_text][vc_single_image image=\u00a0\u00bb11843&Prime;][vc_separator][vc_column_text]<strong>Trois expressions artistiques sur une expression lacanienne<\/strong><\/p>\n<p style=\"text-align: justify;\">\u00ab\u00a0L&rsquo;instance de la lettre\u00a0\u00bb est une expression emprunt\u00e9e \u00e0 Jacques Lacan. La psychanalyse est un art de la parole, mais elle accorde \u00e0 l&rsquo;\u00e9crit une importance cruciale. L&rsquo;\u00e9criture est un lieu sp\u00e9cifique du langage. Tout ce qui est \u00e9crit r\u00e9siste par nature, insiste, persiste. Tout ce qui est \u00e9crit peut, doit \u00eatre pris \u00ab\u00a0au pied de la lettre\u00a0\u00bb.<\/p>\n<p style=\"text-align: justify;\">La pr\u00e9sence d&rsquo;\u00e9criture dans une image est toujours surprenante. On croit assister \u00e0 la concurrence de deux syst\u00e8mes de repr\u00e9sentation qui normalement se ha\u00efssent, se repoussent, mais parfois, de fa\u00e7on \u00e9trange, s&rsquo;apparient.<\/p>\n<p style=\"text-align: justify;\">Cette exposition r\u00e9unit des oeuvres de Marc Molk, Ch\u00e9ri Samba et Kimiko Yoshida, qui toutes jouent avec ce feu-l\u00e0, le feu du texte au coeur de l&rsquo;image. \u00c0 travers trois types de m\u00e9diums : la photographie, le dessin et la peinture, trois pistes o\u00f9 la lettre s&rsquo;invite dans l&rsquo;image sont suivies, qui toutes assument un risque initial, celui d&rsquo;un mariage improbable.<\/p>\n<p>[\/vc_column_text][\/vc_column][\/vc_row]<\/p>\n","protected":false},"excerpt":{"rendered":"<p>[vc_row][vc_column][vc_column_text]Exposition collective MARC MOLK CH\u00c9RI SAMBA KIMIKO YOSHIDA Exposition du 18 octobre au 3 d\u00e9cembre 2016 Vernissage : Lundi 17 octobre 2016, 19h30 &gt; 21h (cocktail d\u00eenatoire) Galerie Marguerite Milin, 5 rue M\u00e9dicis, 75006 Paris[\/vc_column_text][vc_single_image image=\u00a0\u00bb11843&Prime;][vc_separator][vc_column_text]Trois expressions artistiques sur une expression lacanienne \u00ab\u00a0L&rsquo;instance de la lettre\u00a0\u00bb est une expression emprunt\u00e9e \u00e0 Jacques Lacan. La psychanalyse [&hellip;]<\/p>\n","protected":false},"author":1,"featured_media":11843,"comment_status":"closed","ping_status":"open","sticky":false,"template":"","format":"standard","meta":[],"categories":[86,89],"tags":[],"_links":{"self":[{"href":"https:\/\/www.marcmolk.fr\/fr\/wp-json\/wp\/v2\/posts\/11838"}],"collection":[{"href":"https:\/\/www.marcmolk.fr\/fr\/wp-json\/wp\/v2\/posts"}],"about":[{"href":"https:\/\/www.marcmolk.fr\/fr\/wp-json\/wp\/v2\/types\/post"}],"author":[{"embeddable":true,"href":"https:\/\/www.marcmolk.fr\/fr\/wp-json\/wp\/v2\/users\/1"}],"replies":[{"embeddable":true,"href":"https:\/\/www.marcmolk.fr\/fr\/wp-json\/wp\/v2\/comments?post=11838"}],"version-history":[{"count":11,"href":"https:\/\/www.marcmolk.fr\/fr\/wp-json\/wp\/v2\/posts\/11838\/revisions"}],"predecessor-version":[{"id":11882,"href":"https:\/\/www.marcmolk.fr\/fr\/wp-json\/wp\/v2\/posts\/11838\/revisions\/11882"}],"wp:featuredmedia":[{"embeddable":true,"href":"https:\/\/www.marcmolk.fr\/fr\/wp-json\/wp\/v2\/media\/11843"}],"wp:attachment":[{"href":"https:\/\/www.marcmolk.fr\/fr\/wp-json\/wp\/v2\/media?parent=11838"}],"wp:term":[{"taxonomy":"category","embeddable":true,"href":"https:\/\/www.marcmolk.fr\/fr\/wp-json\/wp\/v2\/categories?post=11838"},{"taxonomy":"post_tag","embeddable":true,"href":"https:\/\/www.marcmolk.fr\/fr\/wp-json\/wp\/v2\/tags?post=11838"}],"curies":[{"name":"wp","href":"https:\/\/api.w.org\/{rel}","templated":true}]}}